{"id":1110,"date":"2020-09-11T13:45:32","date_gmt":"2020-09-11T11:45:32","guid":{"rendered":"http:\/\/www.moisesmartinanaya.com\/blog\/?p=1110"},"modified":"2020-09-11T13:45:32","modified_gmt":"2020-09-11T11:45:32","slug":"diez-preguntas-sobre-aumento-pecho-responde-doctor-martin-anaya","status":"publish","type":"post","link":"https:\/\/www.moisesmartinanaya.com\/blog\/cirugias\/diez-preguntas-sobre-aumento-pecho-responde-doctor-martin-anaya.htm","title":{"rendered":"Diez preguntas sobre el aumento de pecho, responde el doctor Mart\u00edn Anaya"},"content":{"rendered":"<p>La mamoplastia es la estrella. A\u00f1o tras a\u00f1o,\u00a0 <strong>esta t\u00e9cnica contin\u00faa a la cabeza en el ranking de las cirug\u00edas est\u00e9ticas<\/strong> m\u00e1s solicitadas. Es l\u00edder en Estados Unidos y es l\u00edder en Espa\u00f1a, donde las \u00faltimas cifras manejadas por la SECPRE ( Sociedad Espa\u00f1ola de Cirug\u00eda Pl\u00e1stica) \u00a0hablan de entre 18.000 y 19.000 intervenciones realizadas.<\/p>\n<p>&nbsp;<\/p>\n<p>Adem\u00e1s, no s\u00f3lo aumenta el n\u00famero de pacientes que pasa por el quir\u00f3fano, sino que se adelanta la edad a la hora de operarse y la frecuencia de las consultas sobre esta t\u00e9cnica.<\/p>\n<p>&nbsp;<\/p>\n<p>Debido a este creciente inter\u00e9s y a vuestra demanda de informaci\u00f3n en nuestras consultas de Madrid y Salamanca, el doctor Mois\u00e9s Mart\u00edn Anaya trata de dar respuesta\u00a0 en\u00a0 este art\u00edculo a las dudas m\u00e1s frecuentes en torno al aumento de mamas.<\/p>\n<p><strong>\u00a0<\/strong><\/p>\n<ul>\n<li><strong>\u00bfA partir de qu\u00e9 edad puede someterse una mujer a esta intervenci\u00f3n?<\/strong><\/li>\n<\/ul>\n<p>&nbsp;<\/p>\n<p><em>No existe una normativa europea en este sentido, aunque la \u00e9tica profesional nos lleva a recomendar la mayor\u00eda de edad como punto de partida para poder comenzar a realizar este tipo de intervenciones. Y digo un punto de partida porque no se trata de que un documento oficial marque una edad, sino de que la mujer tenga una madurez personal adecuada y no se deje llevar por modas o comentarios ajenos. Ahora bien, puede darse alg\u00fan caso de complejo personal grave que merece ser estudiado e intervenido.<\/em><\/p>\n<p>&nbsp;<\/p>\n<ul>\n<li><strong>\u00bfCu\u00e1l es el precio medio de la mamoplastia?<\/strong><\/li>\n<\/ul>\n<p>&nbsp;<\/p>\n<p><em>Mi recomendaci\u00f3n es que el paciente\u00a0 se aleje de todas las llamadas ofertas que le ofrecen precios por debajo de los 4000 euros para la mamoplastia, porque, entonces , no le est\u00e1n ofreciendo los servicios con una m\u00ednima garant\u00eda profesional. Si se cuenta con equipo de anestesistas de prestigio y la intervenci\u00f3n se realiza en un hospital de referencia, el precio debe oscilar entre los 5000 y 6000 euros.<\/em><\/p>\n<p>&nbsp;<\/p>\n<ul>\n<li><strong>\u00bfDificultan las pr\u00f3tesis la exploraci\u00f3n manual preventiva contra el c\u00e1ncer de mama?<\/strong><\/li>\n<\/ul>\n<p><strong>\u00a0<\/strong><\/p>\n<p><em>No si la intervenci\u00f3n se realiza de forma adecuada. Es decir, si la pr\u00f3tesis se coloca detr\u00e1s del m\u00fasculo. En ese caso la mujer puede realizar la exploraci\u00f3n de la misma forma que si no se hubiese operado. Lo que ocurre es que en la actualidad, se est\u00e1n colocando \u00a0encima del m\u00fasculo. En esta caso, la operaci\u00f3n se simplifica para el cirujano y el alta se produce de forma inmediata. <\/em><\/p>\n<p><em>Pero \u00a1ojo! En este caso, no se detecta bien un posible tumor. Mi recomendaci\u00f3n es SIEMPRE colocarlo detr\u00e1s del m\u00fasculo.<\/em><\/p>\n<p><em>\u00a0<\/em><\/p>\n<ul>\n<li><strong>\u00bfEn qu\u00e9 casos debe ponerse una pr\u00f3tesis tipo gota y en cu\u00e1les una tipo l\u00e1grima?<\/strong><\/li>\n<\/ul>\n<p>&nbsp;<\/p>\n<p><em>No existe una determinaci\u00f3n para cada caso. En algunas ocasiones, se debe poner de cada tipo, en cada pecho, para la misma mujer. Tiene que ver con el resultado final y con las caracter\u00edsticas anat\u00f3micas de la paciente. Siempre hay que buscar un resultado est\u00e9tico arm\u00f3nico y natural. <\/em><\/p>\n<p><em>Lo m\u00e1s importante es la calidad de la pr\u00f3tesis en s\u00ed y, en este caso, me inclino por Allergan y Mentor.<\/em><\/p>\n<p>&nbsp;<\/p>\n<ul>\n<li><strong>\u00bfMe va a dar problemas una pr\u00f3tesis durante el embarazo? \u00bfVoy a sentir m\u00e1s tirantez en el pecho, cuando aumente de tama\u00f1o?<\/strong><\/li>\n<\/ul>\n<p><strong>\u00a0<\/strong><\/p>\n<p><em>No, si la intervenci\u00f3n se realiza detr\u00e1s del m\u00fasculo. En ese caso ni siquiera rozar\u00e1 la gl\u00e1ndula mamaria, ya que las separar\u00e1 el m\u00fasculo pectoral. Una vez m\u00e1s, por favor, siempre detr\u00e1s, para evitar problemas como una mastitis, durante la lactancia, que puede dar lugar a una infecci\u00f3n de todo el contorno y, por lo tanto, de la pr\u00f3tesis<\/em><\/p>\n<p><strong>\u00a0<\/strong><\/p>\n<ul>\n<li><strong>\u00bfEn base a qu\u00e9 se elige el tama\u00f1o?<\/strong><\/li>\n<\/ul>\n<p>&nbsp;<\/p>\n<p><em>La paciente debe dejarse asesorar por un buen especialista. Este le debe proponer, m\u00e1s all\u00e1 de modas, excentricidades, gustos y caprichos, un tama\u00f1o equilibrado en relaci\u00f3n a su altura y a sus proporciones de torax y cadera. <\/em><\/p>\n<p>&nbsp;<\/p>\n<ul>\n<li><strong>\u00bfLos implantes caducan?<\/strong><\/li>\n<\/ul>\n<p>&nbsp;<\/p>\n<p><em>Se puede decir que hoy en d\u00eda los implantes ya no nacen con fecha de caducidad . Se ha progresado mucho en este sentido y la gran calidad hace que, en algunos casos, no haya que cambiarlos nunca. <\/em><\/p>\n<p><strong><em>\u00a0<\/em><\/strong><\/p>\n<ul>\n<li><strong>\u00bfSe pueden estropear, fracturar?<\/strong><\/li>\n<\/ul>\n<p>&nbsp;<\/p>\n<p><em>S\u00ed, pueden darse estos casos. Pero si hay que cambiarlos, la casa comercial se hace responsable a trav\u00e9s de las correspondientes garant\u00edas.<\/em><\/p>\n<p>&nbsp;<\/p>\n<ul>\n<li><strong>\u00bfQu\u00e9 tipo de reposo se debe hacer tras la operaci\u00f3n?<\/strong><\/li>\n<\/ul>\n<p>&nbsp;<\/p>\n<p><em>Tambi\u00e9n el postoperatorio se va reduciendo a medida que avanza la t\u00e9cnica. En mi caso, recomiendo tres d\u00edas de reposo total, una semana en la que ya se puede hacer vida normal, incluso deporte aer\u00f3bico y un mes de descanso para volver al deporte habitual ( aparatos, pesas,etc\u2026)<\/em><\/p>\n<p><em>\u00a0<\/em><\/p>\n<ul>\n<li><strong>\u00bf Puede producir alg\u00fan tipo de alergia el material de las pr\u00f3tesis?<\/strong><\/li>\n<\/ul>\n<p>&nbsp;<\/p>\n<p><em>No. La silicona no produce alergia. Es un material que no da reacci\u00f3n alguna. Para que se entienda bien,\u00a0 est\u00e1 presente en las agujas. Si alguien tiene una reacci\u00f3n a un pinchazo, es por el rechazo a un cuerpo extra\u00f1o, no a la silicona.<\/em><\/p>\n<p>Esperamos haber aclarado muchas de las inquietudes y dudas que suscita esta operaci\u00f3n. Si ten\u00e9is alguna m\u00e1s, no dud\u00e9is en consultarnos.<\/p>\n<p><em>\u00a0<\/em><\/p>\n<p>Imagen Unsplash<\/p>\n","protected":false},"excerpt":{"rendered":"<p>La mamoplastia es la estrella. A\u00f1o tras a\u00f1o,\u00a0 esta t\u00e9cnica contin\u00faa a la cabeza en el ranking de las cirug\u00edas est\u00e9ticas m\u00e1s solicitadas. Es l\u00edder en Estados Unidos y es l\u00edder en Espa\u00f1a, donde las \u00faltimas cifras manejadas por la SECPRE ( Sociedad Espa\u00f1ola de Cirug\u00eda Pl\u00e1stica) \u00a0hablan de entre 18.000 y 19.000 intervenciones realizadas. [&hellip;]<\/p>\n","protected":false},"author":3,"featured_media":1111,"comment_status":"open","ping_status":"closed","sticky":false,"template":"","format":"standard","meta":{"footnotes":""},"categories":[90],"tags":[328,34,325,326,327,331,324,329,50,80,330],"class_list":["post-1110","post","type-post","status-publish","format-standard","has-post-thumbnail","hentry","category-cirugias","tag-alergia-silicona","tag-aumento-de-pecho","tag-cirugia-mama","tag-cirujano-aumento-pecho-madrid","tag-cirujano-pecho-salamanca","tag-edad-mamoplastia","tag-operacion-pecho","tag-postoperatorio-aumento-mama","tag-protesis-de-mama","tag-silicona","tag-tamano-protesis-mama"],"_links":{"self":[{"href":"https:\/\/www.moisesmartinanaya.com\/blog\/wp-json\/wp\/v2\/posts\/1110","targetHints":{"allow":["GET"]}}],"collection":[{"href":"https:\/\/www.moisesmartinanaya.com\/blog\/wp-json\/wp\/v2\/posts"}],"about":[{"href":"https:\/\/www.moisesmartinanaya.com\/blog\/wp-json\/wp\/v2\/types\/post"}],"author":[{"embeddable":true,"href":"https:\/\/www.moisesmartinanaya.com\/blog\/wp-json\/wp\/v2\/users\/3"}],"replies":[{"embeddable":true,"href":"https:\/\/www.moisesmartinanaya.com\/blog\/wp-json\/wp\/v2\/comments?post=1110"}],"version-history":[{"count":3,"href":"https:\/\/www.moisesmartinanaya.com\/blog\/wp-json\/wp\/v2\/posts\/1110\/revisions"}],"predecessor-version":[{"id":1114,"href":"https:\/\/www.moisesmartinanaya.com\/blog\/wp-json\/wp\/v2\/posts\/1110\/revisions\/1114"}],"wp:featuredmedia":[{"embeddable":true,"href":"https:\/\/www.moisesmartinanaya.com\/blog\/wp-json\/wp\/v2\/media\/1111"}],"wp:attachment":[{"href":"https:\/\/www.moisesmartinanaya.com\/blog\/wp-json\/wp\/v2\/media?parent=1110"}],"wp:term":[{"taxonomy":"category","embeddable":true,"href":"https:\/\/www.moisesmartinanaya.com\/blog\/wp-json\/wp\/v2\/categories?post=1110"},{"taxonomy":"post_tag","embeddable":true,"href":"https:\/\/www.moisesmartinanaya.com\/blog\/wp-json\/wp\/v2\/tags?post=1110"}],"curies":[{"name":"wp","href":"https:\/\/api.w.org\/{rel}","templated":true}]}}