{"id":1139,"date":"2020-11-20T13:07:33","date_gmt":"2020-11-20T12:07:33","guid":{"rendered":"http:\/\/www.moisesmartinanaya.com\/blog\/?p=1139"},"modified":"2020-11-20T13:07:33","modified_gmt":"2020-11-20T12:07:33","slug":"hij-quiere-cirugia-estetica-debo","status":"publish","type":"post","link":"https:\/\/www.moisesmartinanaya.com\/blog\/general\/hij-quiere-cirugia-estetica-debo.htm","title":{"rendered":"Mi hij@ se quiere hacer una cirug\u00eda est\u00e9tica, \u00bfqu\u00e9 debo saber?"},"content":{"rendered":"<p>No son muchos, pero es cierto que existen adolescentes y j\u00f3venes que se interesan por la cirug\u00eda est\u00e9tica como una forma de resolver algunos problemas. Hablamos de complejos, inseguridades o ausencia, por ejemplo, \u00a0de la autoestima necesaria para hacer frente a las relaciones sociales. Estas emociones o pensamientos pueden estar sustentados o no por un problema f\u00edsico, de mayor o menor calado.<\/p>\n<p>&nbsp;<\/p>\n<p>Lo cierto es que la exposici\u00f3n medi\u00e1tica de la cirug\u00eda est\u00e9tica, que se ha popularizado en las \u00faltimas d\u00e9cadas, y su acceso a mayor porcentaje de la poblaci\u00f3n ha facilitado que los mensajes de cambio f\u00edsico se relacionen con mayor bienestar personal.\u00a0 Ellos, los m\u00e1s j\u00f3venes, reciben toda la informaci\u00f3n a trav\u00e9s de las redes sociales, y la relativa a la est\u00e9tica no iba a ser menos. Es m\u00e1s, en realidad, gracias a las posibilidades visuales que ofrecen ciertas aplicaciones digitales.<\/p>\n<p>&nbsp;<\/p>\n<p>As\u00ed las cosas, muchos padres necesitan datos y el respaldo profesional de los cirujanos pl\u00e1sticos, est\u00e9ticos y reparadores, casi siempre paralelo al de psic\u00f3logos y educadores, para dar respuesta a sus inquietudes.<\/p>\n<p>&nbsp;<\/p>\n<p>Lo primero que tienen que saber es que los dieciocho a\u00f1os, la mayor\u00eda de edad legal, es la recomendada para realizarse una operaci\u00f3n, como por ejemplo un aumento de pechos. Otra edad, la sanitaria, est\u00e1 fijada en los diecis\u00e9is, por lo que los menores no necesitar\u00edan autorizaci\u00f3n de sus padres para entrar en un quir\u00f3fano y hacerse la misma operaci\u00f3n.<\/p>\n<p>&nbsp;<\/p>\n<p>En ninguno de los casos, si seguimos hablando del aumento de pecho, que es la cirug\u00eda est\u00e9tica m\u00e1s aspiracional para las chicas j\u00f3venes, se tratar\u00eda de un procedimiento recomendado cien por cien. Por supuesto, a los diecis\u00e9is a\u00f1os, la paciente encontrar\u00eda todas las trabas legales y m\u00e9dicas para someterse a la cirug\u00eda, por carecer no s\u00f3lo de la falta de desarrollo f\u00edsico, sino, sobre todo, de maduraci\u00f3n personal. Por lo tanto, de no tratarse de problema excepcional, no encontrar\u00eda a alguien que le quisiera operar.<\/p>\n<p>&nbsp;<\/p>\n<p>Si hablamos de una chica de dieciocho, la mayor\u00eda de los profesionales le van a recomendar que espere, porque es una edad temprana para el desarrollo del pecho femenino.<\/p>\n<p>&nbsp;<\/p>\n<p>Otra cosa es que estuvi\u00e9ramos hablando de alguien con un grave complejo f\u00edsico por no tener pecho, de una joven con problemas para tener pareja por este motivo o que ha sufrido y sufre burlas por ello. Entonces, los profesionales y los padres debemos poner en la balanza unos y otros aspectos, y en la mayor\u00eda de los casos, salvo problemas m\u00e9dicos, se recomienda operar.<\/p>\n<p>&nbsp;<\/p>\n<p>Igual ocurre con la otoplastia, una cirug\u00eda est\u00e9tica que se realiza en ni\u00f1os, porque el tener unas orejas grandes, de soplillo, en definitiva, desproporcionadas o despegadas suele ir acompa\u00f1ado de burlas escolares y los chavales lo pasan muy mal. Es una cirug\u00eda sencilla que no requiere hospitalizaci\u00f3n.<\/p>\n<p>&nbsp;<\/p>\n<p>En cuanto a lo dem\u00e1s, hablando a nivel est\u00e9tico, no reparador, suele acudir a consulta alguna chica que se quiere operar la nariz, que es un motivo tambi\u00e9n de disgusto con el f\u00edsico propio. Lo puede hacer a partir de los dieciocho a\u00f1os, pero la recomendaci\u00f3n en este caso es acerca de las posibilidades de tener que volver a entrar en el quir\u00f3fano por segunda vez.<\/p>\n<p>&nbsp;<\/p>\n<p>La cirug\u00eda secundaria de nariz es bastante com\u00fan por la evoluci\u00f3n propia del cart\u00edlago, por problemas de cicatrizaci\u00f3n y tambi\u00e9n por alguna alteraci\u00f3n en el tabique que no sea del gusto est\u00e9tico del paciente. Hablamos del eje del rostro, en el que est\u00e1 basada toda la armon\u00eda. Un paciente descontento con su nariz estar\u00e1 descontento con su cara, por lo que es habitual, como digo, la rinoplastia secundaria.<\/p>\n<p>&nbsp;<\/p>\n<p>Por lo dem\u00e1s, mucho ruido medi\u00e1tico, pero pocas nueces quir\u00fargicas. No se regalan cirug\u00edas est\u00e9ticas a menores en puestas de largo, ni se imitan las caras de los famosos en chicos y chicas menores ni de mayor\u00eda de edad reci\u00e9n cumplida. Los profesionales somos rigurosos con los actos m\u00e9dicos y protegemos a los menores en el ejercicio de la sanidad, pero tambi\u00e9n desde un punto de vista \u00e9tico. El que nunca debe faltarle a la est\u00e9tica.<\/p>\n<p>&nbsp;<\/p>\n","protected":false},"excerpt":{"rendered":"<p>No son muchos, pero es cierto que existen adolescentes y j\u00f3venes que se interesan por la cirug\u00eda est\u00e9tica como una forma de resolver algunos problemas. Hablamos de complejos, inseguridades o ausencia, por ejemplo, \u00a0de la autoestima necesaria para hacer frente a las relaciones sociales. Estas emociones o pensamientos pueden estar sustentados o no por un [&hellip;]<\/p>\n","protected":false},"author":3,"featured_media":1140,"comment_status":"open","ping_status":"closed","sticky":false,"template":"","format":"standard","meta":{"footnotes":""},"categories":[90,66],"tags":[340,34,339,342,343,341,24],"class_list":["post-1139","post","type-post","status-publish","format-standard","has-post-thumbnail","hentry","category-cirugias","category-general","tag-adolescentes-cirugia-estetica","tag-aumento-de-pecho","tag-cirugia-estetica-menores","tag-edad-aumento-pecho","tag-mayoria-edad-sanitaria","tag-otoplastia-ninos","tag-rinoplastia"],"_links":{"self":[{"href":"https:\/\/www.moisesmartinanaya.com\/blog\/wp-json\/wp\/v2\/posts\/1139","targetHints":{"allow":["GET"]}}],"collection":[{"href":"https:\/\/www.moisesmartinanaya.com\/blog\/wp-json\/wp\/v2\/posts"}],"about":[{"href":"https:\/\/www.moisesmartinanaya.com\/blog\/wp-json\/wp\/v2\/types\/post"}],"author":[{"embeddable":true,"href":"https:\/\/www.moisesmartinanaya.com\/blog\/wp-json\/wp\/v2\/users\/3"}],"replies":[{"embeddable":true,"href":"https:\/\/www.moisesmartinanaya.com\/blog\/wp-json\/wp\/v2\/comments?post=1139"}],"version-history":[{"count":1,"href":"https:\/\/www.moisesmartinanaya.com\/blog\/wp-json\/wp\/v2\/posts\/1139\/revisions"}],"predecessor-version":[{"id":1141,"href":"https:\/\/www.moisesmartinanaya.com\/blog\/wp-json\/wp\/v2\/posts\/1139\/revisions\/1141"}],"wp:featuredmedia":[{"embeddable":true,"href":"https:\/\/www.moisesmartinanaya.com\/blog\/wp-json\/wp\/v2\/media\/1140"}],"wp:attachment":[{"href":"https:\/\/www.moisesmartinanaya.com\/blog\/wp-json\/wp\/v2\/media?parent=1139"}],"wp:term":[{"taxonomy":"category","embeddable":true,"href":"https:\/\/www.moisesmartinanaya.com\/blog\/wp-json\/wp\/v2\/categories?post=1139"},{"taxonomy":"post_tag","embeddable":true,"href":"https:\/\/www.moisesmartinanaya.com\/blog\/wp-json\/wp\/v2\/tags?post=1139"}],"curies":[{"name":"wp","href":"https:\/\/api.w.org\/{rel}","templated":true}]}}